{"id":905,"date":"2026-03-12T09:41:42","date_gmt":"2026-03-12T08:41:42","guid":{"rendered":"https:\/\/fv-lg-wengern.de\/?p=905"},"modified":"2026-03-31T21:48:20","modified_gmt":"2026-03-31T19:48:20","slug":"neue-feuerwache-in-wengern-steht-kurz-vor-der-fertigstellung","status":"publish","type":"post","link":"https:\/\/fv-lg-wengern.de\/?p=905","title":{"rendered":"Neue Feuerwache in Wengern steht kurz vor der Fertigstellung"},"content":{"rendered":"\n<div id=\"wp-block-themeisle-blocks-slider-3fc34f41\" class=\"wp-block-themeisle-blocks-slider glide\" data-per-view=\"1\" data-gap=\"0\" data-peek=\"0\" data-autoplay=\"true\" data-height=\"400px\" data-hide-arrows=\"false\"><div class=\"glide__track\" data-glide-el=\"track\"><div class=\"glide__slides\"><div class=\"wp-block-themeisle-blocks-slider-item-wrapper glide__slide\" tabindex=\"0\"><figure><img decoding=\"async\" class=\"wp-block-themeisle-blocks-slider-item\" src=\"https:\/\/fv-lg-wengern.de\/wp-content\/uploads\/2026\/03\/IMG-20260309-WA0009-scaled.jpg\" alt=\"\" title=\"\" data-id=\"911\"\/><\/figure><\/div><div class=\"wp-block-themeisle-blocks-slider-item-wrapper glide__slide\" tabindex=\"0\"><figure><img decoding=\"async\" class=\"wp-block-themeisle-blocks-slider-item\" src=\"https:\/\/fv-lg-wengern.de\/wp-content\/uploads\/2026\/03\/IMG-20260309-WA0011-scaled.jpg\" alt=\"\" title=\"\" data-id=\"910\"\/><\/figure><\/div><div class=\"wp-block-themeisle-blocks-slider-item-wrapper glide__slide\" tabindex=\"0\"><figure><img decoding=\"async\" class=\"wp-block-themeisle-blocks-slider-item\" src=\"https:\/\/fv-lg-wengern.de\/wp-content\/uploads\/2026\/03\/IMG-20260309-WA0013-scaled.jpg\" alt=\"\" title=\"\" data-id=\"909\"\/><\/figure><\/div><div class=\"wp-block-themeisle-blocks-slider-item-wrapper glide__slide\" tabindex=\"0\"><figure><img decoding=\"async\" class=\"wp-block-themeisle-blocks-slider-item\" src=\"https:\/\/fv-lg-wengern.de\/wp-content\/uploads\/2026\/03\/IMG-20260309-WA0015-scaled.jpg\" alt=\"\" title=\"\" data-id=\"908\"\/><\/figure><\/div><div class=\"wp-block-themeisle-blocks-slider-item-wrapper glide__slide\" tabindex=\"0\"><figure><img decoding=\"async\" class=\"wp-block-themeisle-blocks-slider-item\" src=\"https:\/\/fv-lg-wengern.de\/wp-content\/uploads\/2026\/03\/IMG-20260309-WA0017-scaled.jpg\" alt=\"\" title=\"\" data-id=\"907\"\/><\/figure><\/div><div class=\"wp-block-themeisle-blocks-slider-item-wrapper glide__slide\" tabindex=\"0\"><figure><img decoding=\"async\" class=\"wp-block-themeisle-blocks-slider-item\" src=\"https:\/\/fv-lg-wengern.de\/wp-content\/uploads\/2026\/03\/IMG-20260309-WA0019-scaled.jpg\" alt=\"\" title=\"\" data-id=\"906\"\/><\/figure><\/div><\/div><div class=\"glide__bullets\" data-glide-el=\"controls[nav]\"><button class=\"glide__bullet\" data-glide-dir=\"=0\"><\/button><button class=\"glide__bullet\" data-glide-dir=\"=1\"><\/button><button class=\"glide__bullet\" data-glide-dir=\"=2\"><\/button><button class=\"glide__bullet\" data-glide-dir=\"=3\"><\/button><button class=\"glide__bullet\" data-glide-dir=\"=4\"><\/button><button class=\"glide__bullet\" data-glide-dir=\"=5\"><\/button><\/div><\/div><\/div>\n\n\n\n<p>Die neue Feuerwache im Ortskern von Wengern ist nahezu fertiggestellt. Lange Zeit war der Standort umstritten, doch inzwischen laufen die letzten Arbeiten im Geb\u00e4ude. Der Einzug der Feuerwehr ist f\u00fcr Anfang April geplant.<br>In allen drei Etagen wird derzeit noch gearbeitet. Handwerker montieren Regale, installieren Technik und bauen die letzten Einrichtungen ein. Laut Projektleiterin Heike Vo\u00df vom st\u00e4dtischen Hochbau zieht die Feuerwehr bereits schrittweise ein.<br>Die Fahrzeughalle bildet das zentrale Element des Neubaus. K\u00fcnftig k\u00f6nnen dort drei Einsatzfahrzeuge nebeneinander stehen. Zus\u00e4tzlich gibt es ausreichend Bewegungsfl\u00e4che zwischen den Stellpl\u00e4tzen, was in der alten Halle deutlich eingeschr\u00e4nkter war.<br>\u00dcber eine Galerie im hinteren Bereich ist ein Lagergeschoss erreichbar. Ein an der Decke montierter Kran soll dabei helfen, schwere Ausr\u00fcstung in die Lagerr\u00e4ume zu transportieren. W\u00e4hrend der Bauphase fanden in einem der R\u00e4ume regelm\u00e4\u00dfig Baubesprechungen statt.<br>Auch im Aufenthalts- und Bereitschaftsbereich laufen noch Arbeiten. M\u00f6bel werden aufgebaut und eine K\u00fcche installiert. Ziel ist es, den freiwilligen Einsatzkr\u00e4ften ein modernes und angenehmes Umfeld zu bieten. In Deutschland gibt es rund 40.000 hauptberufliche Feuerwehrleute, aber etwa eine Million freiwillige Kr\u00e4fte. Daher sei es wichtig, gute Bedingungen f\u00fcr Ehrenamtliche zu schaffen.<br>Die Gestaltung des Geb\u00e4udes wurde mit Unterst\u00fctzung externer Fachleute geplant, um Abl\u00e4ufe zu verbessern und funktionale R\u00e4ume zu schaffen. Im Einsatzfall gelangen die Kr\u00e4fte \u00fcber den Eingang an der Elbsche ins Geb\u00e4ude. Dort befinden sich getrennte Umkleiden f\u00fcr M\u00e4nner und Frauen. Ein zentraler Schalter aktiviert Klimaanlage und Heizung, sodass nach Eins\u00e4tzen schnell angenehme Bedingungen f\u00fcr Nachbesprechungen entstehen.<br>Im oberen Stockwerk richtet derzeit die st\u00e4dtische IT den Leitstand ein. Telefone, Monitore und weitere Technik sorgen f\u00fcr die Verbindung zur Kreisleitstelle und zu den Einsatzkr\u00e4ften. Unter dem Dach ist au\u00dferdem bereits die Steuerung der neuen Sirene installiert.<br>W\u00e4hrend der Bauphase war die Feuerwehr vor\u00fcbergehend bei der Firma Bleistahl in Wengern untergebracht. Laut Projektleitung \u00fcberwiegt bei den Einsatzkr\u00e4ften inzwischen die Vorfreude auf den Umzug.<br>Die Baukosten belaufen sich aktuell auf rund 3,8 Millionen Euro. Anfangs gab es Probleme bei den Fundamentarbeiten, zuletzt konnte der Bauzeitenplan jedoch eingehalten werden.<br>Vor den Fahrzeugtoren werden noch Erdarbeiten durchgef\u00fchrt. Die Fl\u00e4che soll zun\u00e4chst eben gestaltet werden, damit Feuerwehrfahrzeuge leichter L\u00f6schwasser aufnehmen k\u00f6nnen. Danach steigt die Zufahrt leicht an. Bef\u00fcrchtungen von Anwohnern, dass Fahrzeuge dort aufsetzen k\u00f6nnten, sieht die Stadt jedoch nicht best\u00e4tigt.<br>Auch ein m\u00f6gliches Hochwasserrisiko durch die nahegelegene Elbsche wird als gering eingesch\u00e4tzt. Das Geb\u00e4ude ist durch wasserdichten Beton und ein Entw\u00e4sserungssystem gesch\u00fctzt. B\u00fcrgermeister Hans-G\u00fcnter Draht \u00fcberzeugte sich bei einem Pressetermin selbst vom Baufortschritt.<br>Ein Termin f\u00fcr einen Tag der offenen T\u00fcr steht noch nicht fest. Die Wache ist jedoch bereits barrierefrei zug\u00e4nglich und soll k\u00fcnftig auch f\u00fcr Veranstaltungen genutzt werden. Schon bei der Grundsteinlegung und beim Richtfest war das Interesse im Ort gro\u00df.<br>Der F\u00f6rderverein der Feuerwehr unterst\u00fctzt das Projekt ebenfalls und finanziert unter anderem die Theke im Bereitschaftsraum. Damit tr\u00e4gt nicht nur die Stadt dazu bei, den Einsatzkr\u00e4ften ein modernes Zuhause zu schaffen.<\/p>\n\n\n\n<p><\/p>\n\n\n\n<p><\/p>\n","protected":false},"excerpt":{"rendered":"<p>Die neue Feuerwache im Ortskern von Wengern ist nahezu fertiggestellt. Lange Zeit war der Standort umstritten, doch inzwischen laufen die letzten Arbeiten im Geb\u00e4ude. Der Einzug der Feuerwehr ist f\u00fcr Anfang April geplant.In allen drei Etagen wird derzeit noch gearbeitet. Handwerker montieren Regale, installieren Technik und bauen die letzten Einrichtungen [&hellip;]<\/p>\n","protected":false},"author":1,"featured_media":911,"comment_status":"closed","ping_status":"closed","sticky":false,"template":"","format":"standard","meta":{"saved_in_kubio":false,"_themeisle_gutenberg_block_has_review":false,"footnotes":""},"categories":[1],"tags":[],"class_list":["post-905","post","type-post","status-publish","format-standard","has-post-thumbnail","hentry","category-uncategorized"],"_links":{"self":[{"href":"https:\/\/fv-lg-wengern.de\/index.php?rest_route=\/wp\/v2\/posts\/905","targetHints":{"allow":["GET"]}}],"collection":[{"href":"https:\/\/fv-lg-wengern.de\/index.php?rest_route=\/wp\/v2\/posts"}],"about":[{"href":"https:\/\/fv-lg-wengern.de\/index.php?rest_route=\/wp\/v2\/types\/post"}],"author":[{"embeddable":true,"href":"https:\/\/fv-lg-wengern.de\/index.php?rest_route=\/wp\/v2\/users\/1"}],"replies":[{"embeddable":true,"href":"https:\/\/fv-lg-wengern.de\/index.php?rest_route=%2Fwp%2Fv2%2Fcomments&post=905"}],"version-history":[{"count":2,"href":"https:\/\/fv-lg-wengern.de\/index.php?rest_route=\/wp\/v2\/posts\/905\/revisions"}],"predecessor-version":[{"id":914,"href":"https:\/\/fv-lg-wengern.de\/index.php?rest_route=\/wp\/v2\/posts\/905\/revisions\/914"}],"wp:featuredmedia":[{"embeddable":true,"href":"https:\/\/fv-lg-wengern.de\/index.php?rest_route=\/wp\/v2\/media\/911"}],"wp:attachment":[{"href":"https:\/\/fv-lg-wengern.de\/index.php?rest_route=%2Fwp%2Fv2%2Fmedia&parent=905"}],"wp:term":[{"taxonomy":"category","embeddable":true,"href":"https:\/\/fv-lg-wengern.de\/index.php?rest_route=%2Fwp%2Fv2%2Fcategories&post=905"},{"taxonomy":"post_tag","embeddable":true,"href":"https:\/\/fv-lg-wengern.de\/index.php?rest_route=%2Fwp%2Fv2%2Ftags&post=905"}],"curies":[{"name":"wp","href":"https:\/\/api.w.org\/{rel}","templated":true}]}}